{"id":173,"date":"2021-08-31T05:41:25","date_gmt":"2021-08-31T05:41:25","guid":{"rendered":"https:\/\/eafc-thuin.be\/?p=173"},"modified":"2022-01-12T10:43:56","modified_gmt":"2022-01-12T10:43:56","slug":"cours-de-langues","status":"publish","type":"post","link":"https:\/\/eafc-thuin.be\/index.php\/2021\/08\/31\/cours-de-langues\/","title":{"rendered":"Cours de langues"},"content":{"rendered":"<p><strong>Cours d&rsquo;anglais et d&rsquo;espagnol.<\/strong><\/p>\n<p class=\"_04xlpA direction-ltr align-center para-style-body\"><span class=\"JsGRdQ\">Les composantes linguistiques (lexicales, grammaticales, s\u00e9mantiques, phonologiques et orthographiques), sociolinguistiques et pragmatiques de la comp\u00e9tence \u00e0 communiquer langagi\u00e8rement seront d\u00e9velopp\u00e9es \u00e0 partir de situations de communication afin d&rsquo;amener les \u00e9tudiants \u00e0 :<\/span><\/p>\n<p class=\"_04xlpA direction-ltr align-center para-style-body\"><span class=\"JsGRdQ\">\u2022 comprendre des messages oraux;<\/span><\/p>\n<p class=\"_04xlpA direction-ltr align-center para-style-body\"><span class=\"JsGRdQ\">\u2022 comprendre des messages \u00e9crits;<\/span><\/p>\n<p class=\"_04xlpA direction-ltr align-center para-style-body\"><span class=\"JsGRdQ\">\u2022 prendre part \u00e0 une conversation;<\/span><\/p>\n<p class=\"_04xlpA direction-ltr align-center para-style-body\"><span class=\"JsGRdQ\">\u2022 s&rsquo;exprimer oralement en continu;<\/span><\/p>\n<p class=\"_04xlpA direction-ltr align-center para-style-body\"><span class=\"JsGRdQ\">\u2022 s&rsquo;exprimer par \u00e9crit<\/span><\/p>\n<p>Niveaux \u00e9l\u00e9mentaire et moyen ainsi que des ateliers de conversation.<\/p>\n<p>Les cours sont dispens\u00e9s <strong>en soir\u00e9e<\/strong>\u00a0pendant <strong>une ann\u00e9e scolaire.<\/strong><\/p>\n<p>Pour plus de renseignements, acc\u00e9dez aux modules via le menu <strong><em>FORMATIONS<\/em><\/strong>.\u00a0\u00a0<strong><br \/>\n<\/strong><\/p>\n<p><strong>Horaire :<\/strong><\/p>\n<p><img decoding=\"async\" class=\"alignnone size-full wp-image-269\" src=\"https:\/\/eafc-thuin.be\/wp-content\/uploads\/2022\/01\/Timing_Miniature.png\" alt=\"\" width=\"100\" height=\"100\" \/><\/p>\n","protected":false},"excerpt":{"rendered":"<p>Cours d&rsquo;anglais et d&rsquo;espagnol. Les composantes linguistiques (lexicales, grammaticales, s\u00e9mantiques, phonologiques et orthographiques), sociolinguistiques et pragmatiques de la comp\u00e9tence \u00e0 communiquer langagi\u00e8rement seront d\u00e9velopp\u00e9es \u00e0 partir de situations de communication afin d&rsquo;amener les \u00e9tudiants \u00e0 : \u2022 comprendre des messages oraux; \u2022 comprendre des messages \u00e9crits; \u2022 prendre part \u00e0 [&hellip;]<\/p>\n","protected":false},"author":1,"featured_media":0,"comment_status":"open","ping_status":"open","sticky":false,"template":"","format":"standard","meta":{"_themeisle_gutenberg_block_has_review":false,"footnotes":""},"categories":[8],"tags":[],"class_list":["post-173","post","type-post","status-publish","format-standard","hentry","category-cours-du-soir"],"jetpack_featured_media_url":"","_links":{"self":[{"href":"https:\/\/eafc-thuin.be\/index.php\/wp-json\/wp\/v2\/posts\/173","targetHints":{"allow":["GET"]}}],"collection":[{"href":"https:\/\/eafc-thuin.be\/index.php\/wp-json\/wp\/v2\/posts"}],"about":[{"href":"https:\/\/eafc-thuin.be\/index.php\/wp-json\/wp\/v2\/types\/post"}],"author":[{"embeddable":true,"href":"https:\/\/eafc-thuin.be\/index.php\/wp-json\/wp\/v2\/users\/1"}],"replies":[{"embeddable":true,"href":"https:\/\/eafc-thuin.be\/index.php\/wp-json\/wp\/v2\/comments?post=173"}],"version-history":[{"count":5,"href":"https:\/\/eafc-thuin.be\/index.php\/wp-json\/wp\/v2\/posts\/173\/revisions"}],"predecessor-version":[{"id":342,"href":"https:\/\/eafc-thuin.be\/index.php\/wp-json\/wp\/v2\/posts\/173\/revisions\/342"}],"wp:attachment":[{"href":"https:\/\/eafc-thuin.be\/index.php\/wp-json\/wp\/v2\/media?parent=173"}],"wp:term":[{"taxonomy":"category","embeddable":true,"href":"https:\/\/eafc-thuin.be\/index.php\/wp-json\/wp\/v2\/categories?post=173"},{"taxonomy":"post_tag","embeddable":true,"href":"https:\/\/eafc-thuin.be\/index.php\/wp-json\/wp\/v2\/tags?post=173"}],"curies":[{"name":"wp","href":"https:\/\/api.w.org\/{rel}","templated":true}]}}